{"id":7406,"date":"2024-12-17T17:25:51","date_gmt":"2024-12-17T17:25:51","guid":{"rendered":"https:\/\/palatulnationalalcopiilor.ro\/?p=7406"},"modified":"2024-12-17T17:28:54","modified_gmt":"2024-12-17T17:28:54","slug":"festivitate-de-premiere-2024","status":"publish","type":"post","link":"https:\/\/palatulnationalalcopiilor.ro\/?p=7406","title":{"rendered":"Festivitate de premiere (2024)"},"content":{"rendered":"<p>[vc_row][vc_column][vc_column_text]<\/p>\n<h3 style=\"text-align: center;\">Festivitatea de premiere a elevilor care au ob\u021binut distinc\u021bii la olimpiadele \u0219i concursurile interna\u021bionale 2024, a profesorilor care i-au preg\u0103tit \u0219i a unit\u0103\u021bilor \u0219colare de provenien\u021b\u0103 ale acestora<\/h3>\n<p>Evenimentul s-a bucurat de mare success. \u00cen deschidere au luat cuv\u00e2ntul dna Ligia Deca, Ministrul Educa\u021biei, dna Diana-Loreta P\u0103un, consilier prezide\u021bial- Pre\u0219edin\u021bia Rom\u00e2niei, dna Monica Cristina Anisie, Pre\u0219edinte al Comisiei de \u00eenv\u0103\u021b\u0103m\u00e2nt a Senatului Rom\u00e2niei, dna Dumitri\u021ba Gliga, Pre\u0219edinte al Comisiei de \u00eenv\u0103\u021b\u0103m\u00e2nt de la Camera Deputa\u021bilor.<\/p>\n<p>Aceste alocu\u021biuni au fost urmate de felicit\u0103rile adresate tuturor premian\u021bilor de c\u0103tre domnii Secretari de Stat \u00een Ministerul Educa\u021biei, Ionel-Florian Lixandru \u0219i Sorin Ion.<\/p>\n<p>Momentele decern\u0103rii premiilor s-au \u00eempletit cu momente dans \u0219i muzic\u0103. Arti\u0219tii care au urcat pe scen\u0103 au reprezentat Palatul Na\u021bional al Copiilor din Bucure\u0219ti: Trupa \u201eDinamic\u201d, Corul \u201eCarmina\u201d, Cercul de balet \u201cPetit Arabesque\u201d, Corul \u201eMeloritm\u201d \u0219i Cercul de dans popular \u201eRom\u00e2na\u0219ii\u201d.<\/p>\n<p>Sper\u0103m ca emo\u021biile tr\u0103ite la Palatul Na\u021bional al Copiilor din Bucure\u0219ti s\u0103 r\u0103m\u00e2n\u0103 vii mult timp \u0219i s\u0103 se transforme \u00eentr-un reper al \u00eemplinirii personale[\/vc_column_text][\/vc_column][\/vc_row][vc_row][vc_column][vc_gallery interval=&#8221;3&#8243; images=&#8221;7412,7413,7414,7415,7416,7417,7418,7419,7420,7421,7422,7423,7424,7425&#8243; img_size=&#8221;medium&#8221;][\/vc_column][\/vc_row]<\/p>\n","protected":false},"excerpt":{"rendered":"<p>Festivitatea de premiere a elevilor care au ob\u021binut distinc\u021bii la olimpiadele \u0219i concursurile interna\u021bionale&#8230;<\/p>\n","protected":false},"author":2,"featured_media":7408,"comment_status":"closed","ping_status":"open","sticky":false,"template":"","format":"standard","meta":{"footnotes":""},"categories":[145],"tags":[],"class_list":["post-7406","post","type-post","status-publish","format-standard","has-post-thumbnail","hentry","category-activitati"],"_links":{"self":[{"href":"https:\/\/palatulnationalalcopiilor.ro\/index.php?rest_route=\/wp\/v2\/posts\/7406","targetHints":{"allow":["GET"]}}],"collection":[{"href":"https:\/\/palatulnationalalcopiilor.ro\/index.php?rest_route=\/wp\/v2\/posts"}],"about":[{"href":"https:\/\/palatulnationalalcopiilor.ro\/index.php?rest_route=\/wp\/v2\/types\/post"}],"author":[{"embeddable":true,"href":"https:\/\/palatulnationalalcopiilor.ro\/index.php?rest_route=\/wp\/v2\/users\/2"}],"replies":[{"embeddable":true,"href":"https:\/\/palatulnationalalcopiilor.ro\/index.php?rest_route=%2Fwp%2Fv2%2Fcomments&post=7406"}],"version-history":[{"count":8,"href":"https:\/\/palatulnationalalcopiilor.ro\/index.php?rest_route=\/wp\/v2\/posts\/7406\/revisions"}],"predecessor-version":[{"id":7429,"href":"https:\/\/palatulnationalalcopiilor.ro\/index.php?rest_route=\/wp\/v2\/posts\/7406\/revisions\/7429"}],"wp:featuredmedia":[{"embeddable":true,"href":"https:\/\/palatulnationalalcopiilor.ro\/index.php?rest_route=\/wp\/v2\/media\/7408"}],"wp:attachment":[{"href":"https:\/\/palatulnationalalcopiilor.ro\/index.php?rest_route=%2Fwp%2Fv2%2Fmedia&parent=7406"}],"wp:term":[{"taxonomy":"category","embeddable":true,"href":"https:\/\/palatulnationalalcopiilor.ro\/index.php?rest_route=%2Fwp%2Fv2%2Fcategories&post=7406"},{"taxonomy":"post_tag","embeddable":true,"href":"https:\/\/palatulnationalalcopiilor.ro\/index.php?rest_route=%2Fwp%2Fv2%2Ftags&post=7406"}],"curies":[{"name":"wp","href":"https:\/\/api.w.org\/{rel}","templated":true}]}}